{"id":2486,"date":"2017-11-22T16:51:32","date_gmt":"2017-11-22T16:51:32","guid":{"rendered":"https:\/\/paperandkraft.com\/shop\/?p=2486"},"modified":"2020-04-03T13:40:15","modified_gmt":"2020-04-03T13:40:15","slug":"un-mariage-green-avec-my-green-event","status":"publish","type":"post","link":"https:\/\/paperandkraft.com\/shop\/un-mariage-green-avec-my-green-event\/","title":{"rendered":"Un mariage &#8220;Green&#8221; avec My green event !"},"content":{"rendered":"\n<strong><em>Hello le monde, aujourd&#8217;hui je suis parti \u00e0 la recherche de wedding planner.. vous savez celui ou celle qui va rendre votre mariage, bapt\u00eame, ou tout autre \u00e9v\u00e8nement merveilleux et surtout qui va vous d\u00e9stresser en vous enlevant le poids et la responsablit\u00e9 de l&#8217;organisation&#8230;<\/em><\/strong>\n\n<strong><em>Je me suis arr\u00eater dans le sud de la France vers Aix en Provence , ou j&#8217;ai eu le plaisir de rencontrer Coralie, une wedding Planner&#8230; tr\u00e8s .. &#8220;green&#8221; ! Elle a eu la gentillesse de r\u00e9pondre \u00e0 quelques questions dont voici ses r\u00e9ponses . \ud83d\ude42<\/em><\/strong>\n\n&nbsp;\n<div class=\"\">\n<p class=\"\"><b class=\"\">1) My Green Event simple wedding planner ou plus que \u00e7a ?\n<\/b>My Green Event est une agence d\u2019organisation d\u2019\u00e9v\u00e9nements avant tout. J\u2019organise des mariages mais aussi des anniversaires, baby-showers, bapt\u00eames, enterrements de vie de c\u00e9libataire, etc. J\u2019y ajoute ma petite touche personnelle en recommandant des prestataires locaux, ayant une \u00e9thique particuli\u00e8re et pr\u00eats \u00e0 se lancer dans les \u00e9v\u00e9nements \u00e9cologiques. Parce qu\u2019il faut savoir qu\u2019un seul mariage produit 9 tonnes d\u2019\u00e9missions de CO2<span class=\"\">&nbsp;soit l&#8217;\u00e9quivalent de la production d&#8217;un Fran\u00e7ais sur une ann\u00e9e\u2026<\/span><\/p>\n<p class=\"\"><b class=\"\">2) comment vous est venue l&#8217;id\u00e9e du &#8220;green&#8221; ?\n<\/b>Par un mode de vie au quotidien qui m\u2019a amen\u00e9 \u00e0 vouloir en faire plus pour notre plan\u00e8te et ses habitants. J\u2019ai commenc\u00e9 par privil\u00e9gier les produits biologiques, puis devenir v\u00e9g\u00e9tarienne, faire mes propres produits m\u00e9nager et l\u00e0, j\u2019attaque mon combat en faveur du Z\u00e9ro D\u00e9chet. J\u2019aime citer Antoine de Saint-Exup\u00e9ry qui a dit \u00ab&nbsp;nous n\u2019h\u00e9ritons pas de la terre de nos parents, nous l\u2019empruntons \u00e0 nos enfants&nbsp;\u00bb.<\/p>\n<p class=\"\"><b class=\"\">3) En 2017 est-ce facile de faire un \u00e9v\u00e8nement &#8220;green&#8221; ?\n<\/b>Bonne question ! Oui, c\u2019est relativement facile car de nombreux prestataires sont \u00e0 l\u2019\u00e9coute de cette d\u00e9marche et compr\u00e9hensifs. J\u2019ai l\u2019impression que de plus en plus de jeunes (moins de 30 ans) se retrouvent \u00e9galement dans cette \u00e9thique et n\u2019h\u00e9sitent pas \u00e0 se lancent dans l\u2019entrepreneuriat. C\u2019est un beau projet ! N\u00e9anmoins, il faut \u00eatre rationnels : le \u00ab&nbsp;green&nbsp;\u00bb aura tendance \u00e0 co\u00fbter plus cher. Les produits locaux, made in France, ont un prix : celui de l\u2019artisanat qu\u2019il faut d\u00e9fendre !<\/p>\n<img loading=\"lazy\" decoding=\"async\" class=\"aligncenter size-full wp-image-2495\" src=\"https:\/\/i0.wp.com\/paperandkraft.com\/shop\/wp-content\/uploads\/2017\/11\/green-208.jpg?fit=1021%2C680&amp;ssl=1\" alt=\"\" width=\"1021\" height=\"680\" srcset=\"https:\/\/paperandkraft.com\/shop\/wp-content\/uploads\/2017\/11\/green-208.jpg 1021w, https:\/\/paperandkraft.com\/shop\/wp-content\/uploads\/2017\/11\/green-208-500x333.jpg 500w, https:\/\/paperandkraft.com\/shop\/wp-content\/uploads\/2017\/11\/green-208-685x456.jpg 685w, https:\/\/paperandkraft.com\/shop\/wp-content\/uploads\/2017\/11\/green-208-300x200.jpg 300w, https:\/\/paperandkraft.com\/shop\/wp-content\/uploads\/2017\/11\/green-208-768x511.jpg 768w, https:\/\/paperandkraft.com\/shop\/wp-content\/uploads\/2017\/11\/green-208-610x406.jpg 610w, https:\/\/paperandkraft.com\/shop\/wp-content\/uploads\/2017\/11\/green-208-200x133.jpg 200w, https:\/\/paperandkraft.com\/shop\/wp-content\/uploads\/2017\/11\/green-208-400x266.jpg 400w, https:\/\/paperandkraft.com\/shop\/wp-content\/uploads\/2017\/11\/green-208-600x400.jpg 600w, https:\/\/paperandkraft.com\/shop\/wp-content\/uploads\/2017\/11\/green-208-800x533.jpg 800w\" sizes=\"auto, (max-width: 1021px) 100vw, 1021px\" \/><img loading=\"lazy\" decoding=\"async\" class=\"aligncenter size-full wp-image-2494\" src=\"https:\/\/i0.wp.com\/paperandkraft.com\/shop\/wp-content\/uploads\/2017\/11\/green-204.jpg?fit=1021%2C680&amp;ssl=1\" alt=\"\" width=\"1021\" height=\"680\" srcset=\"https:\/\/paperandkraft.com\/shop\/wp-content\/uploads\/2017\/11\/green-204.jpg 1021w, https:\/\/paperandkraft.com\/shop\/wp-content\/uploads\/2017\/11\/green-204-500x333.jpg 500w, https:\/\/paperandkraft.com\/shop\/wp-content\/uploads\/2017\/11\/green-204-685x456.jpg 685w, https:\/\/paperandkraft.com\/shop\/wp-content\/uploads\/2017\/11\/green-204-300x200.jpg 300w, https:\/\/paperandkraft.com\/shop\/wp-content\/uploads\/2017\/11\/green-204-768x511.jpg 768w, https:\/\/paperandkraft.com\/shop\/wp-content\/uploads\/2017\/11\/green-204-610x406.jpg 610w, https:\/\/paperandkraft.com\/shop\/wp-content\/uploads\/2017\/11\/green-204-200x133.jpg 200w, https:\/\/paperandkraft.com\/shop\/wp-content\/uploads\/2017\/11\/green-204-400x266.jpg 400w, https:\/\/paperandkraft.com\/shop\/wp-content\/uploads\/2017\/11\/green-204-600x400.jpg 600w, https:\/\/paperandkraft.com\/shop\/wp-content\/uploads\/2017\/11\/green-204-800x533.jpg 800w\" sizes=\"auto, (max-width: 1021px) 100vw, 1021px\" \/><img loading=\"lazy\" decoding=\"async\" class=\"aligncenter size-full wp-image-2493\" src=\"https:\/\/i1.wp.com\/paperandkraft.com\/shop\/wp-content\/uploads\/2017\/11\/green-74.jpg?fit=1021%2C680&amp;ssl=1\" alt=\"\" width=\"1021\" height=\"680\" srcset=\"https:\/\/paperandkraft.com\/shop\/wp-content\/uploads\/2017\/11\/green-74.jpg 1021w, https:\/\/paperandkraft.com\/shop\/wp-content\/uploads\/2017\/11\/green-74-500x333.jpg 500w, https:\/\/paperandkraft.com\/shop\/wp-content\/uploads\/2017\/11\/green-74-685x456.jpg 685w, https:\/\/paperandkraft.com\/shop\/wp-content\/uploads\/2017\/11\/green-74-300x200.jpg 300w, https:\/\/paperandkraft.com\/shop\/wp-content\/uploads\/2017\/11\/green-74-768x511.jpg 768w, https:\/\/paperandkraft.com\/shop\/wp-content\/uploads\/2017\/11\/green-74-610x406.jpg 610w, https:\/\/paperandkraft.com\/shop\/wp-content\/uploads\/2017\/11\/green-74-200x133.jpg 200w, https:\/\/paperandkraft.com\/shop\/wp-content\/uploads\/2017\/11\/green-74-400x266.jpg 400w, https:\/\/paperandkraft.com\/shop\/wp-content\/uploads\/2017\/11\/green-74-600x400.jpg 600w, https:\/\/paperandkraft.com\/shop\/wp-content\/uploads\/2017\/11\/green-74-800x533.jpg 800w\" sizes=\"auto, (max-width: 1021px) 100vw, 1021px\" \/><img loading=\"lazy\" decoding=\"async\" class=\"aligncenter size-full wp-image-2496\" src=\"https:\/\/i2.wp.com\/paperandkraft.com\/shop\/wp-content\/uploads\/2017\/11\/green-241.jpg?fit=1021%2C680&amp;ssl=1\" alt=\"\" width=\"1021\" height=\"680\" srcset=\"https:\/\/paperandkraft.com\/shop\/wp-content\/uploads\/2017\/11\/green-241.jpg 1021w, https:\/\/paperandkraft.com\/shop\/wp-content\/uploads\/2017\/11\/green-241-500x333.jpg 500w, https:\/\/paperandkraft.com\/shop\/wp-content\/uploads\/2017\/11\/green-241-685x456.jpg 685w, https:\/\/paperandkraft.com\/shop\/wp-content\/uploads\/2017\/11\/green-241-300x200.jpg 300w, https:\/\/paperandkraft.com\/shop\/wp-content\/uploads\/2017\/11\/green-241-768x511.jpg 768w, https:\/\/paperandkraft.com\/shop\/wp-content\/uploads\/2017\/11\/green-241-610x406.jpg 610w, https:\/\/paperandkraft.com\/shop\/wp-content\/uploads\/2017\/11\/green-241-200x133.jpg 200w, https:\/\/paperandkraft.com\/shop\/wp-content\/uploads\/2017\/11\/green-241-400x266.jpg 400w, https:\/\/paperandkraft.com\/shop\/wp-content\/uploads\/2017\/11\/green-241-600x400.jpg 600w, https:\/\/paperandkraft.com\/shop\/wp-content\/uploads\/2017\/11\/green-241-800x533.jpg 800w\" sizes=\"auto, (max-width: 1021px) 100vw, 1021px\" \/>\n<p class=\"\"><b class=\"\">4) vos futurs mari\u00e9s sont ils impliqu\u00e9 dans une d\u00e9marche eco-responsable ?\n<\/b>La plupart oui ! Ils se rendent \u00e9galement compte de tout ce que cela implique et sont ravis de pouvoir trouver des alternatives \u00ab green&nbsp;\u00bb r\u00e9pondant \u00e0 leurs besoins.<\/p>\n<p class=\"\"><b class=\"\">5) comment choisissez vous les partenaires avec lesquels vous travaillez et trouvez-les vous facilement ?\n<\/b>Je les choisis surtout en fonction des besoins des clients. Mon carnet d\u2019adresses est d\u00e9j\u00e0 bien fourni mais je ne suis jamais \u00e0 l\u2019abri d\u2019une demande particuli\u00e8re. Dans ce cas, j\u2019\u00e9pluche le web et je demande conseil \u00e0 mes prestataires chouchous.<\/p>\n<p class=\"\"><b class=\"\">6) parlez moi un peu de vous, quel est votre parcours ?\n<\/b>J\u2019ai 27 ans et je viens de lancer mon activit\u00e9 d\u2019<a href=\"http:\/\/mygreenevent.fr\/\" target=\"_blank\" rel=\"noopener noreferrer\">event planner sur Aix-en-Provence<\/a>, dans les Bouches-du-Rh\u00f4ne (13). Je suis n\u00e9e dans cette magnifique r\u00e9gion et j\u2019adore la faire d\u00e9couvrir au travers d\u2019un blog lifestyle que je tiens depuis de nombreuses ann\u00e9es. A c\u00f4t\u00e9 de cela, j\u2019ai \u00e9t\u00e9 responsable SEO (r\u00e9f\u00e9rencement web) pendant plus de 6 ans dans une start-up marseillaise qui bossait dans l\u2019e-tourisme. C\u2019\u00e9tait pour moi une \u00e9vidence de me sp\u00e9cialiser dans les \u00e9v\u00e9nements \u00ab&nbsp;green&nbsp;\u00bb d\u2019o\u00f9 le nom de My Green Event !<\/p>\n\n<div class=\"\">\n<div class=\"\">Site internet :&nbsp;<a class=\"\" href=\"http:\/\/mygreenevent.fr\/\">http:\/\/mygreenevent.fr\/<\/a><\/div>\n<div class=\"\">page Facebook :&nbsp;<a class=\"\" href=\"https:\/\/www.facebook.com\/mygreenevent\/\">https:\/\/www.facebook.com\/mygreenevent\/<\/a><\/div>\n<div class=\"\">Instagram :&nbsp;<a class=\"\" href=\"https:\/\/www.instagram.com\/mygreenevents\/\">https:\/\/www.instagram.com\/mygreenevents\/<\/a><\/div>\n<div class=\"\">Pinterest :&nbsp;<a class=\"\" href=\"http:\/\/www.pinterest.com\/mygreenevent\/\">http:\/\/www.pinterest.com\/mygreenevent\/<\/a><\/div>\n<\/div>\n<\/div>\n<div class=\"\">Cr\u00e9dits photos :&nbsp;Sages comme des Images<\/div>\n","protected":false},"excerpt":{"rendered":"<p>Hello le monde, aujourd&#8217;hui je suis parti \u00e0 la recherche de wedding planner.. vous savez celui ou celle qui va rendre votre mariage, bapt\u00eame, ou tout autre \u00e9v\u00e8nement merveilleux et surtout qui va vous d\u00e9stresser en vous enlevant le poids et la responsablit\u00e9 de l&#8217;organisation&#8230; Je me suis arr\u00eater dans le sud de la France [&#8230;]\n","protected":false},"author":1,"featured_media":2491,"comment_status":"open","ping_status":"open","sticky":false,"template":"","format":"image","meta":{"_acf_changed":false,"inline_featured_image":false,"footnotes":""},"categories":[175,174],"tags":[],"class_list":["post-2486","post","type-post","status-publish","format-image","has-post-thumbnail","hentry","category-mariage","category-wedding-planner","post_format-post-format-image"],"acf":[],"yoast_head":"<!-- This site is optimized with the Yoast SEO Premium plugin v24.6 (Yoast SEO v27.4) - https:\/\/yoast.com\/product\/yoast-seo-premium-wordpress\/ -->\n<title>Des Mariages Ecoresponsable et &quot;Green&quot;<\/title>\n<meta name=\"description\" content=\"Rencontre avec un wedding planner tres &quot;green&quot;, My green Event nous parle avec passion de son m\u00e9tier d&#039;organisatrice de mariages et d&#039;\u00e9v\u00e9nements \u00e9coresponsables !\" \/>\n<meta name=\"robots\" content=\"index, follow, max-snippet:-1, max-image-preview:large, max-video-preview:-1\" \/>\n<link rel=\"canonical\" href=\"https:\/\/paperandkraft.com\/shop\/un-mariage-green-avec-my-green-event\/\" \/>\n<meta property=\"og:locale\" content=\"fr_FR\" \/>\n<meta property=\"og:type\" content=\"article\" \/>\n<meta property=\"og:title\" content=\"Un mariage &quot;Green&quot; avec My green event !\" \/>\n<meta property=\"og:description\" content=\"Hello le monde, aujourd&#039;hui je suis parti \u00e0 la recherche de wedding planner.. vous savez celui ou celle qui va rendre votre mariage, bapt\u00eame, ou tout\" \/>\n<meta property=\"og:url\" content=\"https:\/\/paperandkraft.com\/shop\/un-mariage-green-avec-my-green-event\/\" \/>\n<meta property=\"og:site_name\" content=\"PaperAndKraft\" \/>\n<meta property=\"article:publisher\" content=\"https:\/\/www.facebook.com\/paperandkraft\" \/>\n<meta property=\"article:published_time\" content=\"2017-11-22T16:51:32+00:00\" \/>\n<meta property=\"article:modified_time\" content=\"2020-04-03T13:40:15+00:00\" \/>\n<meta property=\"og:image\" content=\"https:\/\/paperandkraft.com\/shop\/wp-content\/uploads\/2017\/11\/green.jpg\" \/>\n\t<meta property=\"og:image:width\" content=\"1021\" \/>\n\t<meta property=\"og:image:height\" content=\"680\" \/>\n\t<meta property=\"og:image:type\" content=\"image\/jpeg\" \/>\n<meta name=\"author\" content=\"Jean-Baptiste\" \/>\n<meta name=\"twitter:card\" content=\"summary_large_image\" \/>\n<meta name=\"twitter:label1\" content=\"\u00c9crit par\" \/>\n\t<meta name=\"twitter:data1\" content=\"Jean-Baptiste\" \/>\n\t<meta name=\"twitter:label2\" content=\"Dur\u00e9e de lecture estim\u00e9e\" \/>\n\t<meta name=\"twitter:data2\" content=\"3 minutes\" \/>\n<!-- \/ Yoast SEO Premium plugin. -->","yoast_head_json":{"title":"Des Mariages Ecoresponsable et \"Green\"","description":"Rencontre avec un wedding planner tres \"green\", My green Event nous parle avec passion de son m\u00e9tier d'organisatrice de mariages et d'\u00e9v\u00e9nements \u00e9coresponsables !","robots":{"index":"index","follow":"follow","max-snippet":"max-snippet:-1","max-image-preview":"max-image-preview:large","max-video-preview":"max-video-preview:-1"},"canonical":"https:\/\/paperandkraft.com\/shop\/un-mariage-green-avec-my-green-event\/","og_locale":"fr_FR","og_type":"article","og_title":"Un mariage \"Green\" avec My green event !","og_description":"Hello le monde, aujourd'hui je suis parti \u00e0 la recherche de wedding planner.. vous savez celui ou celle qui va rendre votre mariage, bapt\u00eame, ou tout","og_url":"https:\/\/paperandkraft.com\/shop\/un-mariage-green-avec-my-green-event\/","og_site_name":"PaperAndKraft","article_publisher":"https:\/\/www.facebook.com\/paperandkraft","article_published_time":"2017-11-22T16:51:32+00:00","article_modified_time":"2020-04-03T13:40:15+00:00","og_image":[{"width":1021,"height":680,"url":"https:\/\/paperandkraft.com\/shop\/wp-content\/uploads\/2017\/11\/green.jpg","type":"image\/jpeg"}],"author":"Jean-Baptiste","twitter_card":"summary_large_image","twitter_misc":{"\u00c9crit par":"Jean-Baptiste","Dur\u00e9e de lecture estim\u00e9e":"3 minutes"},"schema":{"@context":"https:\/\/schema.org","@graph":[{"@type":"Article","@id":"https:\/\/paperandkraft.com\/shop\/un-mariage-green-avec-my-green-event\/#article","isPartOf":{"@id":"https:\/\/paperandkraft.com\/shop\/un-mariage-green-avec-my-green-event\/"},"author":{"name":"Jean-Baptiste","@id":"https:\/\/paperandkraft.com\/shop\/#\/schema\/person\/050815146f1709ab85e14d3b446f30b5"},"headline":"Un mariage &#8220;Green&#8221; avec My green event !","datePublished":"2017-11-22T16:51:32+00:00","dateModified":"2020-04-03T13:40:15+00:00","mainEntityOfPage":{"@id":"https:\/\/paperandkraft.com\/shop\/un-mariage-green-avec-my-green-event\/"},"wordCount":631,"commentCount":0,"publisher":{"@id":"https:\/\/paperandkraft.com\/shop\/#organization"},"image":{"@id":"https:\/\/paperandkraft.com\/shop\/un-mariage-green-avec-my-green-event\/#primaryimage"},"thumbnailUrl":"https:\/\/paperandkraft.com\/shop\/wp-content\/uploads\/2017\/11\/green.jpg","articleSection":["mariage","wedding planner"],"inLanguage":"fr-FR","potentialAction":[{"@type":"CommentAction","name":"Comment","target":["https:\/\/paperandkraft.com\/shop\/un-mariage-green-avec-my-green-event\/#respond"]}]},{"@type":"WebPage","@id":"https:\/\/paperandkraft.com\/shop\/un-mariage-green-avec-my-green-event\/","url":"https:\/\/paperandkraft.com\/shop\/un-mariage-green-avec-my-green-event\/","name":"Des Mariages Ecoresponsable et \"Green\"","isPartOf":{"@id":"https:\/\/paperandkraft.com\/shop\/#website"},"primaryImageOfPage":{"@id":"https:\/\/paperandkraft.com\/shop\/un-mariage-green-avec-my-green-event\/#primaryimage"},"image":{"@id":"https:\/\/paperandkraft.com\/shop\/un-mariage-green-avec-my-green-event\/#primaryimage"},"thumbnailUrl":"https:\/\/paperandkraft.com\/shop\/wp-content\/uploads\/2017\/11\/green.jpg","datePublished":"2017-11-22T16:51:32+00:00","dateModified":"2020-04-03T13:40:15+00:00","description":"Rencontre avec un wedding planner tres \"green\", My green Event nous parle avec passion de son m\u00e9tier d'organisatrice de mariages et d'\u00e9v\u00e9nements \u00e9coresponsables !","breadcrumb":{"@id":"https:\/\/paperandkraft.com\/shop\/un-mariage-green-avec-my-green-event\/#breadcrumb"},"inLanguage":"fr-FR","potentialAction":[{"@type":"ReadAction","target":["https:\/\/paperandkraft.com\/shop\/un-mariage-green-avec-my-green-event\/"]}]},{"@type":"ImageObject","inLanguage":"fr-FR","@id":"https:\/\/paperandkraft.com\/shop\/un-mariage-green-avec-my-green-event\/#primaryimage","url":"https:\/\/paperandkraft.com\/shop\/wp-content\/uploads\/2017\/11\/green.jpg","contentUrl":"https:\/\/paperandkraft.com\/shop\/wp-content\/uploads\/2017\/11\/green.jpg","width":1021,"height":680,"caption":"mariage Mygreen event - cr\u00e9dit : Sages comme des Images"},{"@type":"BreadcrumbList","@id":"https:\/\/paperandkraft.com\/shop\/un-mariage-green-avec-my-green-event\/#breadcrumb","itemListElement":[{"@type":"ListItem","position":1,"name":"Accueil","item":"https:\/\/paperandkraft.com\/shop\/"},{"@type":"ListItem","position":2,"name":"Un mariage &#8220;Green&#8221; avec My green event !"}]},{"@type":"WebSite","@id":"https:\/\/paperandkraft.com\/shop\/#website","url":"https:\/\/paperandkraft.com\/shop\/","name":"PaperAndKraft","description":"Faire-part de mariage et naissance en papier recycl\u00e9","publisher":{"@id":"https:\/\/paperandkraft.com\/shop\/#organization"},"potentialAction":[{"@type":"SearchAction","target":{"@type":"EntryPoint","urlTemplate":"https:\/\/paperandkraft.com\/shop\/?s={search_term_string}"},"query-input":{"@type":"PropertyValueSpecification","valueRequired":true,"valueName":"search_term_string"}}],"inLanguage":"fr-FR"},{"@type":"Organization","@id":"https:\/\/paperandkraft.com\/shop\/#organization","name":"Paper And Kraft : Faire-Part","url":"https:\/\/paperandkraft.com\/shop\/","logo":{"@type":"ImageObject","inLanguage":"fr-FR","@id":"https:\/\/paperandkraft.com\/shop\/#\/schema\/logo\/image\/","url":"https:\/\/paperandkraft.com\/shop\/wp-content\/uploads\/2020\/03\/logo-2020-noir-1.png","contentUrl":"https:\/\/paperandkraft.com\/shop\/wp-content\/uploads\/2020\/03\/logo-2020-noir-1.png","width":350,"height":76,"caption":"Paper And Kraft : Faire-Part"},"image":{"@id":"https:\/\/paperandkraft.com\/shop\/#\/schema\/logo\/image\/"},"sameAs":["https:\/\/www.facebook.com\/paperandkraft","https:\/\/www.instagram.com\/paper_and_kraft\/","https:\/\/www.pinterest.fr\/paperandkraft\/"]},{"@type":"Person","@id":"https:\/\/paperandkraft.com\/shop\/#\/schema\/person\/050815146f1709ab85e14d3b446f30b5","name":"Jean-Baptiste","image":{"@type":"ImageObject","inLanguage":"fr-FR","@id":"https:\/\/secure.gravatar.com\/avatar\/179066410f069854f12098f40bfde80e077b829aa46553af9e98a2bb7eedc0c9?s=96&d=mm&r=g","url":"https:\/\/secure.gravatar.com\/avatar\/179066410f069854f12098f40bfde80e077b829aa46553af9e98a2bb7eedc0c9?s=96&d=mm&r=g","contentUrl":"https:\/\/secure.gravatar.com\/avatar\/179066410f069854f12098f40bfde80e077b829aa46553af9e98a2bb7eedc0c9?s=96&d=mm&r=g","caption":"Jean-Baptiste"},"description":"Graphiste freelance depuis plus de 15 ans, c est avec un plaisir chaque jour renouvel\u00e9 que je cr\u00e9e de nouveaux faire-part de mariage et de naissance en papier recycl\u00e9. Vivant au milieu des montagnes, je suis un fervent d\u00e9fenseur de la nature et Je suis persuad\u00e9 que chacun de nous dans son coin peut contribuer \u00e0 sa mani\u00e8re \u00e0 pr\u00e9server notre plan\u00e8te."}]}},"_links":{"self":[{"href":"https:\/\/paperandkraft.com\/shop\/wp-json\/wp\/v2\/posts\/2486","targetHints":{"allow":["GET"]}}],"collection":[{"href":"https:\/\/paperandkraft.com\/shop\/wp-json\/wp\/v2\/posts"}],"about":[{"href":"https:\/\/paperandkraft.com\/shop\/wp-json\/wp\/v2\/types\/post"}],"author":[{"embeddable":true,"href":"https:\/\/paperandkraft.com\/shop\/wp-json\/wp\/v2\/users\/1"}],"replies":[{"embeddable":true,"href":"https:\/\/paperandkraft.com\/shop\/wp-json\/wp\/v2\/comments?post=2486"}],"version-history":[{"count":0,"href":"https:\/\/paperandkraft.com\/shop\/wp-json\/wp\/v2\/posts\/2486\/revisions"}],"wp:featuredmedia":[{"embeddable":true,"href":"https:\/\/paperandkraft.com\/shop\/wp-json\/wp\/v2\/media\/2491"}],"wp:attachment":[{"href":"https:\/\/paperandkraft.com\/shop\/wp-json\/wp\/v2\/media?parent=2486"}],"wp:term":[{"taxonomy":"category","embeddable":true,"href":"https:\/\/paperandkraft.com\/shop\/wp-json\/wp\/v2\/categories?post=2486"},{"taxonomy":"post_tag","embeddable":true,"href":"https:\/\/paperandkraft.com\/shop\/wp-json\/wp\/v2\/tags?post=2486"}],"curies":[{"name":"wp","href":"https:\/\/api.w.org\/{rel}","templated":true}]}}